{"id":31342,"date":"2025-12-04T12:28:14","date_gmt":"2025-12-04T12:28:14","guid":{"rendered":"https:\/\/www.ags-relocation.com\/news\/unifying-international-mobility-asia-pacific\/"},"modified":"2025-12-08T13:32:33","modified_gmt":"2025-12-08T13:32:33","slug":"unifier-mobilite-internationale-asie-pacifique","status":"publish","type":"post","link":"https:\/\/www.ags-relocation.com\/fr\/news\/unifier-mobilite-internationale-asie-pacifique\/","title":{"rendered":"Unifier la gestion de la mobilit\u00e9 internationale\u202f: AGS offre visibilit\u00e9 globale et autonomie locale \u00e0 plus de 5 filiales en Asie-Pacifique"},"content":{"rendered":"<h2 class=\"bpost\">Les d\u00e9fis rencontr\u00e9s avant la collaboration<\/h2>\n<p>Avant l\u2019intervention d\u2019AGS, la gestion de la mobilit\u00e9 internationale \u00e9tait morcel\u00e9e\u202f: chaque filiale en Asie-Pacifique travaillait avec ses propres prestataires, selon des processus disparates. La gestion de la mobilit\u00e9 internationale \u00e9tait fragment\u00e9e :<br \/>\n&nbsp;<br \/>\n&nbsp;<br \/>\n&nbsp;<\/p>\n<ul>\n<li>Le si\u00e8ge social allemand n&rsquo;avait pas une compr\u00e9hension claire ni une vue d&rsquo;ensemble des op\u00e9rations et des d\u00e9penses locales.<\/li>\n<li>Le risque de non-conformit\u00e9 et d&rsquo;application incoh\u00e9rente des politiques augmentait.<\/li>\n<li>La collecte, la v\u00e9rification et l&rsquo;harmonisation des donn\u00e9es n\u00e9cessitaient d&rsquo;importantes ressources internes.<\/li>\n<\/ul>\n<p>&nbsp;<\/p>\n<h2 class=\"bpost\">La d\u00e9cision strat\u00e9gique\u202f: harmoniser la mobilit\u00e9 avec AGS<\/h2>\n<p><img decoding=\"async\" class=\"wp-image-2637 alignright ls-is-cached lazyloaded\" style=\"margin-left: 30px;\" src=\"\/wp-content\/uploads\/sites\/6\/2025\/12\/ags-relocation-harmonise-mobilite-filiales-asie-pacifique.jpg\" alt=\"AGS Relocation accompagne chaque filiale en Asie-Pacifique pour harmoniser les processus de mobilit\u00e9 internationale.\" width=\"375\" height=\"249\" data-src=\"\"\/wp-content\/uploads\/sites\/6\/2025\/12\/ags-relocation-harmonise-mobilite-filiales-asie-pacifique.jpg\" \/>Confront\u00e9 \u00e0 ces d\u00e9fis, le responsable de la mobilit\u00e9 internationale Asie-Pacifique du client a d\u00e9sign\u00e9 <a href=\"https:\/\/www.ags-relocation.com\/fr\/\">AGS Relocation<\/a> comme prestataire de services pour toutes les filiales de la r\u00e9gion. Cette d\u00e9cision a \u00e9t\u00e9 approuv\u00e9e par le si\u00e8ge social allemand, qui collabore avec succ\u00e8s avec AGS Relocation pour ses missions europ\u00e9ennes depuis 5 ans.<\/p>\n<p>Les \u00e9quipes d&rsquo;AGS Relocation en Asie ont imm\u00e9diatement pris contact avec chaque filiale afin d&rsquo;\u00e9laborer une solution sur mesure qui r\u00e9ponde \u00e0 leurs diverses exigences locales tout en r\u00e9pondant au besoin de standardisation du si\u00e8ge social.<\/p>\n<p>La mise en \u0153uvre s&rsquo;est d\u00e9roul\u00e9e par \u00e9tapes, la Malaisie ouvrant la voie.<\/p>\n<p>&nbsp;<\/p>\n<h2 class=\"bpost\">Une solution compl\u00e8te de mobilit\u00e9 internationale comprenant 6 \u00e9l\u00e9ments cl\u00e9s :<\/h2>\n<p><img decoding=\"async\" class=\"wp-image-2637 alignright ls-is-cached lazyloaded\" style=\"margin-left: 30px;\" src=\"\/wp-content\/uploads\/sites\/6\/2025\/12\/ags-relocation-solution-globale-mobilite-asie-pacifique.jpg\" alt=\"AGS Relocation d\u00e9ploie une solution globale de mobilit\u00e9 internationale en Asie-Pacifique, standardisant processus et suivi.\" width=\"375\" height=\"249\" data-src=\"\/wp-content\/uploads\/sites\/6\/2025\/12\/ags-relocation-solution-globale-mobilite-asie-pacifique.jpg\" \/><\/p>\n<ul>\n<li><strong>Standardisation et pilotage global :<\/strong> Gr\u00e2ce \u00e0 la plateforme <a href=\"https:\/\/www.ags-relocation.com\/fr\/news\/mobilite-mondiale-plateforme-irise\/\">IRISE<\/a>, le si\u00e8ge b\u00e9n\u00e9ficie d\u2019une visibilit\u00e9 en temps r\u00e9el sur toutes les mobilit\u00e9s, avec des rapports consolid\u00e9s et comparables, quel que soit le pays ou la devise.<\/li>\n<li><strong>Accompagnement premium et proximit\u00e9\u202f:<\/strong> Un Key Account Manager d\u00e9di\u00e9 par pays facilite les \u00e9changes, s\u00e9curise les process et garantit une r\u00e9activit\u00e9 optimale.<\/li>\n<li><strong>Formation et transfert de comp\u00e9tences\u202f:<\/strong> gr\u00e2ce \u00e0 une s\u00e9rie de sessions de formation, l&rsquo;\u00e9quipe AGS en Allemagne a transf\u00e9r\u00e9 ses connaissances des processus du client aux \u00e9quipes AGS en Asie-Pacifique. Cela leur a permis de bien comprendre les attentes du client et d&rsquo;assurer une mise en \u0153uvre optimale.<\/li>\n<li><strong>Plateforme unique et transparence\u202f:<\/strong> L\u2019ensemble des parties prenantes peut acc\u00e9der \u00e0 la plateforme IRISE, garantissant une visibilit\u00e9 et un suivi en temps r\u00e9el des op\u00e9rations, quel que soit le pays concern\u00e9.<\/li>\n<li><strong>Optimisation des ressources\u202f:<\/strong> La centralisation des donn\u00e9es et des processus par AGS permet au client de r\u00e9duire les ressources mobilis\u00e9es en interne pour la collecte, la v\u00e9rification et la mise en forme des informations, g\u00e9n\u00e9rant ainsi des \u00e9conomies significatives.<\/li>\n<li><strong>Expertise interculturelle\u202f:<\/strong> AGS a d\u00e9montr\u00e9 sa capacit\u00e9 \u00e0 s\u2019adapter aux sp\u00e9cificit\u00e9s culturelles et r\u00e9glementaires de chaque pays, comme en t\u00e9moigne le succ\u00e8s des d\u00e9ploiements aux \u00c9tats-Unis et en Chine, qui servent d\u00e9sormais de r\u00e9f\u00e9rence pour la r\u00e9gion Asie-Pacifique.<\/li>\n<\/ul>\n<p>Gr\u00e2ce \u00e0 cette collaboration, le si\u00e8ge b\u00e9n\u00e9ficie d\u2019une visibilit\u00e9 globale sur l\u2019ensemble des filiales, tout en respectant leur autonomie locale et la diversit\u00e9 des r\u00e9glementations et devises. L\u2019objectif \u00e0 terme\u202f: d\u00e9ployer ce mod\u00e8le unifi\u00e9 \u00e0 l\u2019ensemble des branches du groupe \u00e0 travers le monde, avec AGS comme partenaire unique pour la mobilit\u00e9 internationale. <\/p>\n<p><strong>Laissez AGS Relocation vous aider \u00e0 construire un programme de mobilit\u00e9 plus connect\u00e9, transparent et conforme. <a href=\"https:\/\/www.ags-relocation.com\/fr\/contactez-nous\/\">Contactez notre \u00e9quipe<\/a> pour commencer.<\/strong><\/p>\n","protected":false},"excerpt":{"rendered":"<p>Pr\u00e9sentation du client :  Un leader mondial dans le secteur des technologies, dont le si\u00e8ge social est situ\u00e9 en Allemagne et qui compte de nombreuses filiales dans la r\u00e9gion Asie-Pacifique<\/p>\n","protected":false},"author":23,"featured_media":31352,"comment_status":"closed","ping_status":"closed","sticky":false,"template":"","format":"standard","meta":{"wds_primary_category":0},"categories":[310,716],"tags":[],"acf":[],"_links":{"self":[{"href":"https:\/\/www.ags-relocation.com\/fr\/wp-json\/wp\/v2\/posts\/31342"}],"collection":[{"href":"https:\/\/www.ags-relocation.com\/fr\/wp-json\/wp\/v2\/posts"}],"about":[{"href":"https:\/\/www.ags-relocation.com\/fr\/wp-json\/wp\/v2\/types\/post"}],"author":[{"embeddable":true,"href":"https:\/\/www.ags-relocation.com\/fr\/wp-json\/wp\/v2\/users\/23"}],"replies":[{"embeddable":true,"href":"https:\/\/www.ags-relocation.com\/fr\/wp-json\/wp\/v2\/comments?post=31342"}],"version-history":[{"count":2,"href":"https:\/\/www.ags-relocation.com\/fr\/wp-json\/wp\/v2\/posts\/31342\/revisions"}],"predecessor-version":[{"id":31356,"href":"https:\/\/www.ags-relocation.com\/fr\/wp-json\/wp\/v2\/posts\/31342\/revisions\/31356"}],"wp:featuredmedia":[{"embeddable":true,"href":"https:\/\/www.ags-relocation.com\/fr\/wp-json\/wp\/v2\/media\/31352"}],"wp:attachment":[{"href":"https:\/\/www.ags-relocation.com\/fr\/wp-json\/wp\/v2\/media?parent=31342"}],"wp:term":[{"taxonomy":"category","embeddable":true,"href":"https:\/\/www.ags-relocation.com\/fr\/wp-json\/wp\/v2\/categories?post=31342"},{"taxonomy":"post_tag","embeddable":true,"href":"https:\/\/www.ags-relocation.com\/fr\/wp-json\/wp\/v2\/tags?post=31342"}],"curies":[{"name":"wp","href":"https:\/\/api.w.org\/{rel}","templated":true}]}}