{"id":31126,"date":"2025-01-16T11:54:05","date_gmt":"2025-01-16T11:54:05","guid":{"rendered":"https:\/\/www.ags-relocation.com\/news\/global-mobility-trends-2025\/"},"modified":"2025-05-21T07:23:12","modified_gmt":"2025-05-21T07:23:12","slug":"tendances-mondiales-mobilite-2025","status":"publish","type":"post","link":"https:\/\/www.ags-relocation.com\/fr\/news\/tendances-mondiales-mobilite-2025\/","title":{"rendered":"Les 9 tendances \u00e0 surveiller en mobilit\u00e9 internationale en 2025"},"content":{"rendered":"<h2 class=\"bpost\">1. Pressions budg\u00e9taires et consid\u00e9rations \u00e9conomiques<\/h2>\n<p>Le principal moteur des affectations en 2025\u202f? L\u2019argent. Selon l\u2019\u00e9tude de r\u00e9f\u00e9rence 2024 de WHR, 68 % des programmes de mobilit\u00e9 se concentrent sur la r\u00e9duction des co\u00fbts, dans un contexte de hausse des d\u00e9penses et d\u2019incertitude \u00e9conomique qui p\u00e8se lourdement sur les entreprises.<\/p>\n<p>Les co\u00fbts li\u00e9s au logement repr\u00e9sentent un d\u00e9fi majeur. Dans des pays comme les Pays-Bas ou le Royaume-Uni, les loyers sont devenus tout simplement prohibitifs, en raison de p\u00e9nuries de logements et d\u2019une demande en forte hausse.<\/p>\n<p>Cons\u00e9quence : les entreprises reconsid\u00e8rent la viabilit\u00e9 financi\u00e8re de certaines destinations de mobilit\u00e9 historiquement pris\u00e9es. L\u2019instabilit\u00e9 \u00e9conomique ajoute une couche suppl\u00e9mentaire d\u2019h\u00e9sitation.<\/p>\n<p>Des missions autrefois consid\u00e9r\u00e9es comme essentielles sont aujourd\u2019hui report\u00e9es ou annul\u00e9es \u2013 non par manque de besoin, mais parce que les co\u00fbts d\u00e9passent les b\u00e9n\u00e9fices.<\/p>\n<p>Pour s\u2019adapter, de nombreuses entreprises exigent d\u00e9sormais des estimations budg\u00e9taires pr\u00e9cises avant de valider une affectation et suivent de plus pr\u00e8s les d\u00e9penses li\u00e9es \u00e0 la mobilit\u00e9. D\u2019autres privil\u00e9gient des missions plus courtes, des voyages d\u2019affaires prolong\u00e9s, le t\u00e9l\u00e9travail ou d\u00e9placent leurs priorit\u00e9s vers des r\u00e9gions plus abordables.<\/p>\n<p>La p\u00e9ninsule arabique et l\u2019Europe de l\u2019Est s\u2019imposent notamment comme de nouveaux p\u00f4les d\u2019investissement. Ces zones offrent des co\u00fbts de logement plus faibles, des d\u00e9penses d\u2019exploitation r\u00e9duites et un vivier de talents qualifi\u00e9s en pleine croissance \u2013 autant d\u2019atouts qui les rendent de plus en plus attractives pour la mobilit\u00e9 internationale.<\/p>\n<p>&nbsp;<\/p>\n<h2 class=\"bpost\" style=\"margin-bottom: 0px!important;\">2. La fatigue des affectations<\/h2>\n<p><img decoding=\"async\" class=\"wp-image-2637 alignright ls-is-cached lazyloaded\" style=\"margin-left: 30px; margin-top: 30px;\" src=\"\/wp-content\/uploads\/sites\/6\/2025\/01\/expat-assignment-family-moving.jpg\" alt=\"What you need to know when moving your family abroad due to expat assignments\" width=\"375\" height=\"249\" data-src=\"\/wp-content\/uploads\/sites\/6\/2025\/01\/expat-assignment-family-moving.jpg\" \/><\/p>\n<p>Autrefois per\u00e7ues comme une aventure stimulante, les affectations \u00e0 l\u2019\u00e9tranger perdent de leur attrait. Si les jeunes collaborateurs c\u00e9libataires et ambitieux restent g\u00e9n\u00e9ralement enthousiastes, ceux qui ont une famille h\u00e9sitent de plus en plus. Abandon de la carri\u00e8re d\u2019un partenaire, trouver une nouvelle \u00e9cole pour les enfants, s\u2019adapter \u00e0 une autre culture\u2026 puis tout recommencer au retour : pour beaucoup, le co\u00fbt personnel est trop \u00e9lev\u00e9.<\/p>\n<p>Les finances personnelles jouent \u00e9galement un r\u00f4le dans cette r\u00e9ticence. La fiscalit\u00e9 repr\u00e9sente un obstacle majeur, de nombreux expatri\u00e9s \u00e9tant imposables \u00e0 la fois dans leur pays d\u2019origine et dans leur pays d\u2019accueil. Aux \u00c9tats-Unis, par exemple les employ\u00e9s sont d\u00e9sormais impos\u00e9s sur des avantages auparavant exon\u00e9r\u00e9s dans le pays d\u2019accueil (m\u00eame si cela pourrait \u00e9voluer en 2025 avec la nouvelle administration).<\/p>\n<p>Les retraites compliquent encore la donne : certains employeurs suspendent les cotisations dans le pays d\u2019origine pendant l\u2019affectation, obligeant les expatri\u00e9s \u00e0 puiser dans leurs \u00e9conomies personnelles. Ces cotisations \u2013 effectu\u00e9es dans la monnaie d\u2019origine \u2013 ne suivent souvent pas les ajustements du co\u00fbt de la vie dans le pays d\u2019accueil, ce qui laisse les employ\u00e9s en difficult\u00e9 financi\u00e8re.<\/p>\n<p>Sans surprise, les r\u00f4les en t\u00e9l\u00e9travail ou en mode hybride gagnent du terrain. Pour beaucoup, ils permettent d\u2019occuper des fonctions \u00e0 l\u2019\u00e9chelle mondiale sans supporter le poids personnel et financier des affectations traditionnelles.<\/p>\n<p>&nbsp;<\/p>\n<h2 class=\"bpost\">3. Mod\u00e8les de travail \u00e0 distance et hybrides<\/h2>\n<p>Des \u00ab\u202fworkcations\u202f\u00bb \/ stage \u00e0 des postes permanents exerc\u00e9s depuis un pays pour le compte d\u2019un employeur bas\u00e9 dans un autre, les mod\u00e8les de travail \u00e0 distance gagnent en popularit\u00e9. L\u2019\u00e9tude de r\u00e9f\u00e9rence 2024 de WHR souligne cette tendance croissante : <strong>55 % des r\u00e9pondants<\/strong> l\u2019identifient comme un axe de d\u00e9veloppement strat\u00e9gique.<\/p>\n<p>L\u2019attrait est \u00e9vident \u2014 les salari\u00e9s remettent en question la n\u00e9cessit\u00e9 des missions internationales classiques s\u2019ils peuvent accomplir leurs t\u00e2ches depuis n\u2019importe o\u00f9. Cependant, cette \u00e9volution pose <strong>des d\u00e9fis importants<\/strong> aux \u00e9quipes de mobilit\u00e9 internationale et de ressources humaines, notamment en mati\u00e8re <strong>d\u2019\u00e9quit\u00e9 entre les diff\u00e9rents profils d\u2019employ\u00e9s<\/strong>. Seules certaines fonctions, comme celles li\u00e9es \u00e0 l\u2019informatique, se pr\u00eatent facilement \u00e0 ces formats de travail \u00e0 distance.<\/p>\n<p>La <strong>conformit\u00e9 r\u00e9glementaire<\/strong> constitue un autre enjeu de taille. Les implications fiscales et sociales, tant dans le pays d\u2019origine que dans le pays d\u2019accueil, doivent \u00eatre soigneusement analys\u00e9es avant de mettre en \u0153uvre ces mod\u00e8les.<\/p>\n<p>Heureusement, les entreprises adoptent une approche de plus en plus proactive : <strong>67 % des organisations<\/strong> soutenant le travail \u00e0 distance disposent d\u00e9sormais de <strong>politiques formelles<\/strong> en la mati\u00e8re, selon l\u2019enqu\u00eate de r\u00e9f\u00e9rence 2024 de KPMG sur la mobilit\u00e9. Ces dispositifs permettent non seulement de mieux encadrer les modalit\u00e9s du travail \u00e0 distance, mais aussi de garantir le respect des obligations fiscales et migratoires, <strong>simplifiant ainsi la gestion des effectifs mobiles<\/strong>.<\/p>\n<p><center><img decoding=\"async\" src=\"\/wp-content\/uploads\/sites\/6\/2025\/01\/international-remote-work-requests-fr.jpg\" alt=\"Policies for facilitating international remote work requests from employees\" width=\"65%\" data-src=\"\/wp-content\/uploads\/sites\/6\/2025\/01\/international-remote-work-requests-fr.jpg\" \/><\/center><\/p>\n<h2 class=\"bpost\">4. D\u00e9fis de conformit\u00e9 \u00e0 l\u2019\u00e9chelle mondiale<\/h2>\n<p>Pour <strong>r\u00e9duire les risques<\/strong> et lib\u00e9rer des ressources internes, la majorit\u00e9 des entreprises externalisent d\u00e9sormais des services cl\u00e9s tels que la <strong>gestion de l\u2019immigration, de la fiscalit\u00e9 et de la s\u00e9curit\u00e9 sociale<\/strong> aupr\u00e8s de prestataires sp\u00e9cialis\u00e9s.<\/p>\n<p>Cette tendance est appel\u00e9e \u00e0 se renforcer, selon l\u2019<strong>\u00e9tude 2024 d\u2019AON sur la mobilit\u00e9 internationale des talents<\/strong>. La complexit\u00e9 croissante des r\u00e9glementations locales sur le voyage et le travail, le manque d\u2019expertise interne, les strat\u00e9gies ambitieuses de mobilit\u00e9 face aux p\u00e9nuries de talents, ainsi que l\u2019instabilit\u00e9 des r\u00e9gimes fiscaux rendent la <strong>gestion de la conformit\u00e9 de plus en plus difficile<\/strong> et justifient le recours \u00e0 des experts externes.<\/p>\n<p>Les entreprises s\u2019appuient \u00e9galement sur la <strong>technologie<\/strong> pour mieux g\u00e9rer ces enjeux. Selon l\u2019<strong>enqu\u00eate de r\u00e9f\u00e9rence 2024 de KPMG sur la mobilit\u00e9 internationale<\/strong>, <strong>29 % des organisations<\/strong> pr\u00e9voient d\u2019investir dans des <strong>outils d\u2019\u00e9valuation des risques de conformit\u00e9<\/strong>. Ces syst\u00e8mes jouent un r\u00f4le essentiel en <strong>suivant la dur\u00e9e de s\u00e9jour des collaborateurs dans chaque pays<\/strong> \u2014 une donn\u00e9e cl\u00e9 pour assurer la conformit\u00e9 en mati\u00e8re <strong>d\u2019immigration, de fiscalit\u00e9 et de paie<\/strong>.<\/p>\n<p>&nbsp;<\/p>\n<h2 class=\"bpost\">5. Priorit\u00e9 \u00e0 l\u2019exp\u00e9rience collaborateur (r\u00e9tention des talents)<\/h2>\n<p>L\u2019<strong>am\u00e9lioration de l\u2019exp\u00e9rience collaborateur<\/strong> reste un levier essentiel pour <strong>fid\u00e9liser et attirer les meilleurs talents<\/strong>. Selon l\u2019enqu\u00eate de KPMG, <strong>70 % des r\u00e9pondants<\/strong> placent ce sujet parmi leurs <strong>trois priorit\u00e9s principales<\/strong> pour 2024 \u2014 et cela s\u2019explique ais\u00e9ment : <strong>le remplacement d\u2019un collaborateur peut co\u00fbter jusqu\u2019\u00e0 cinq fois son salaire annuel<\/strong>, selon le niveau de r\u00e9mun\u00e9ration (source : <strong>\u00e9tude 2024 International SOS \/ Ipsos sur le retour sur investissement<\/strong>).<\/p>\n<p><center><img decoding=\"async\" src=\"\/wp-content\/uploads\/sites\/6\/2025\/01\/international-assignment-programme-goals-fr.jpg\" alt=\"Top goals every company needs to consider in their international assignment program\" width=\"65%\" data-src=\"\/wp-content\/uploads\/sites\/6\/2025\/01\/international-assignment-programme-goals-fr.jpg\" \/><\/center><\/p>\n<p>Cette priorit\u00e9 accord\u00e9e \u00e0 l\u2019exp\u00e9rience collaborateur a entra\u00een\u00e9 <strong>une \u00e9volution des politiques de mobilit\u00e9 internationale<\/strong>, vers plus de <strong>souplesse et de personnalisation<\/strong>. Des packages de relocation flexibles, tels que les politiques <em>core-flex<\/em>, gagnent en popularit\u00e9.<\/p>\n<p>Ces mod\u00e8les conservent certains \u00e9l\u00e9ments <strong>non n\u00e9gociables<\/strong>, comme les services d\u2019immigration, mais permettent une <strong>personnalisation en fonction de la situation individuelle<\/strong> du collaborateur et de la taille de sa famille. Par exemple, si un parent h\u00e9site \u00e0 partir avec ses enfants, l\u2019employeur peut proposer <strong>des vols aller-retour suppl\u00e9mentaires<\/strong> \u00e0 la place d\u2019autres avantages, afin d&rsquo;encourager l\u2019acceptation de la mission.<\/p>\n<p>Cette flexibilit\u00e9 s\u2019\u00e9tend \u00e9galement aux <strong>modalit\u00e9s de travail<\/strong>. De nombreuses entreprises offrent d\u00e9sormais des <strong>options de t\u00e9l\u00e9travail<\/strong> ou des formules personnalis\u00e9es, comme un <strong>jour de cong\u00e9 suppl\u00e9mentaire par semaine<\/strong> en \u00e9change de journ\u00e9es de travail plus longues. Bien que ces approches exigent <strong>confiance et gestion r\u00e9fl\u00e9chie<\/strong>, leur <strong>valeur est consid\u00e9rable<\/strong> et ne doit pas \u00eatre sous-estim\u00e9e.<\/p>\n<p>Les collaborateurs reconnaissent ces efforts \u00e0 travers <strong>des avis positifs sur des plateformes comme Glassdoor<\/strong>, ce qui renforce la r\u00e9putation de l\u2019entreprise et attire des talents qui auraient pu ignorer l\u2019organisation. En proposant de la flexibilit\u00e9, les employeurs peuvent <strong>compenser certains \u00e9carts de r\u00e9mun\u00e9ration<\/strong> et se positionner comme des environnements de travail attractifs.<\/p>\n<p>&nbsp;<\/p>\n<h2 class=\"bpost\">6. Mont\u00e9e en puissance du lump sum encadr\u00e9 et renforcement des clauses de remboursement<\/h2>\n<p>Initialement per\u00e7u comme une solution id\u00e9ale pour <strong>r\u00e9duire les co\u00fbts<\/strong>, all\u00e9ger la charge administrative et offrir plus de <strong>flexibilit\u00e9<\/strong> aux collaborateurs, le <strong>lump sum<\/strong> (forfait de relocation) a montr\u00e9 ses <strong>limites<\/strong>.<\/p>\n<p>En l\u2019absence d\u2019un accompagnement sp\u00e9cialis\u00e9, de nombreux collaborateurs ont tent\u00e9 de faire des \u00e9conomies en <strong>renon\u00e7ant \u00e0 des services pourtant essentiels<\/strong> ou en choisissant des prestataires <strong>moins chers mais peu fiables<\/strong>, entra\u00eenant parfois des \u00e9checs de mission. R\u00e9sultat : l\u2019entreprise a d\u00fb financer le <strong>rapatriement des collaborateurs<\/strong>, sans <a href=\"\/fr\/news\/mobilite-versus-employe-experience\/\" target=\"_blank\" rel=\"noopener\">retour sur investissement<\/a>.\u00a0Les d\u00e9penses engag\u00e9es pour la relocation n\u2019ont donc <strong>pas produit les b\u00e9n\u00e9fices attendus<\/strong>.<\/p>\n<p>Pour pallier ces d\u00e9rives, de nombreuses entreprises adoptent aujourd\u2019hui le <strong>lump sum encadr\u00e9<\/strong> (<em>managed lump sum<\/em>). Le collaborateur per\u00e7oit toujours un forfait, mais il est <strong>accompagn\u00e9 par un prestataire de services de relocation<\/strong> qui \u00e9value ses besoins et l\u2019oriente vers des prestations adapt\u00e9es. Cette approche permet de <strong>mieux utiliser les fonds allou\u00e9s<\/strong> et de <strong>r\u00e9duire les risques d\u2019\u00e9chec<\/strong>, au b\u00e9n\u00e9fice tant des collaborateurs que de l\u2019employeur.<\/p>\n<p>Dans un contexte budg\u00e9taire plus contraint \u2014 par exemple pour les jeunes dipl\u00f4m\u00e9s ou les profils juniors \u2014 le mod\u00e8le classique de lump sum demeure, mais il est d\u00e9sormais <strong>souvent assorti de clauses de remboursement plus strictes<\/strong> (<em>clawback<\/em>).<\/p>\n<p>Un collaborateur qui d\u00e9missionne peu apr\u00e8s sa relocation peut \u00eatre amen\u00e9 \u00e0 <strong>rembourser jusqu\u2019\u00e0 100 % des avantages per\u00e7us<\/strong>, ou au minimum les d\u00e9penses les plus \u00e9lev\u00e9es comme les <strong>frais d\u2019immigration<\/strong>.<\/p>\n<p>&nbsp;<\/p>\n<h2 class=\"bpost\">7. Avanc\u00e9es technologiques et automatisation<\/h2>\n<p>Selon l\u2019<strong>enqu\u00eate de r\u00e9f\u00e9rence 2024 de KPMG sur la mobilit\u00e9 internationale<\/strong>, <strong>76 % des organisations<\/strong> utilisent la <strong>technologie pour simplifier leurs processus<\/strong>. Ce chiffre devrait encore augmenter, car <strong>57 % des r\u00e9pondants pr\u00e9voient d\u2019investir dans des outils technologiques<\/strong> au cours des 12 \u00e0 18 prochains mois.<\/p>\n<p>La technologie est particuli\u00e8rement utile pour <strong>automatiser les t\u00e2ches chronophages<\/strong>, telles que les projections de co\u00fbts ou la gestion des packages de r\u00e9mun\u00e9ration. Elle permet non seulement de <strong>gagner en efficacit\u00e9<\/strong>, mais aussi de <strong>r\u00e9duire la taille des \u00e9quipes<\/strong> n\u00e9cessaires \u00e0 la gestion <a href=\"\/fr\/news\/category\/global-mobility-hr-fr\/\" target=\"_blank\" rel=\"noopener\">des programmes de mobilit\u00e9 internationale<\/a>.<\/p>\n<p>Aussi s\u00e9duisante que soit cette perspective dans un contexte de <strong>r\u00e9duction budg\u00e9taire<\/strong>, le vrai d\u00e9fi r\u00e9side dans <strong>l\u2019\u00e9quilibre entre automatisation et accompagnement humain<\/strong>. La technologie doit <strong>compl\u00e9ter<\/strong>, et non remplacer, la <strong>relation personnalis\u00e9e<\/strong> que de nombreux collaborateurs recherchent lors de leur mission.<\/p>\n<p>Les bonnes pratiques recommandent de <strong>combiner la fluidit\u00e9 num\u00e9rique avec un service humain r\u00e9actif et de qualit\u00e9<\/strong>. Les collaborateurs doivent pouvoir effectuer leurs d\u00e9marches de mani\u00e8re autonome gr\u00e2ce \u00e0 des outils digitaux, tout en ayant l\u2019assurance qu\u2019un <strong>soutien est disponible \u00e0 tout moment<\/strong>.<\/p>\n<p>Id\u00e9alement, cette approche doit \u00eatre <strong>adapt\u00e9e aux pr\u00e9f\u00e9rences individuelles<\/strong> : les profils plus jeunes sont souvent \u00e0 l\u2019aise avec un mod\u00e8le technologique en libre-service, tandis que les professionnels plus exp\u00e9riment\u00e9s peuvent pr\u00e9f\u00e9rer un <strong>accompagnement plus direct<\/strong>.<\/p>\n<p>S\u2019adapter \u00e0 ces besoins vari\u00e9s permet d\u2019<strong>am\u00e9liorer l\u2019exp\u00e9rience collaborateur<\/strong>, ce qui souligne une fois encore <strong>l\u2019importance de la flexibilit\u00e9 et de la personnalisation<\/strong> dans les strat\u00e9gies de mobilit\u00e9 internationale.<\/p>\n<p>&nbsp;<\/p>\n<h2 class=\"bpost\">8. La prise de d\u00e9cision guid\u00e9e par les donn\u00e9es<\/h2>\n<p>Les \u00e9quipes de mobilit\u00e9 internationale disposent aujourd\u2019hui de <strong>plus de donn\u00e9es que jamais<\/strong>, et exploitent de plus en plus les <strong>analyses statistiques<\/strong> pour affiner leurs strat\u00e9gies, <strong>r\u00e9duire les co\u00fbts<\/strong> et <strong>am\u00e9liorer l\u2019exp\u00e9rience collaborateur<\/strong>.<\/p>\n<p><a href=\"\/fr\/news\/global-mobility-policy-guide\/\" target=\"_blank\" rel=\"noopener\">Les politiques de mobilit\u00e9<\/a> peuvent d\u00e9sormais \u00eatre <strong>ajust\u00e9es selon le secteur d\u2019activit\u00e9, le profil du collaborateur ou la nature de la mission<\/strong>. Des crit\u00e8res tels que <strong>l\u2019\u00e2ge moyen, la composition familiale<\/strong> ou encore le <strong>niveau hi\u00e9rarchique<\/strong> guident le choix de packages de relocation, afin qu\u2019ils soient <strong>ni trop limit\u00e9s, ni excessifs<\/strong>.<\/p>\n<p>Les outils d\u2019analyse permettent aussi de <strong>d\u00e9tecter plus rapidement les probl\u00e8mes potentiels dans la prestation des services<\/strong>, facilitant ainsi leur r\u00e9solution.<\/p>\n<p>Au-del\u00e0 de la relocation, les donn\u00e9es sont utiles pour <strong>identifier les bons candidats<\/strong> pour des postes \u00e0 pourvoir, <strong>localiser les bassins de talents<\/strong>, ou encore <strong>suivre les collaborateurs d\u00e9tach\u00e9s<\/strong> afin de garantir la conformit\u00e9 (immigration, fiscalit\u00e9, etc.).<\/p>\n<p>Le <strong>partage de ces analyses au sein de l\u2019entreprise<\/strong> contribue \u00e0 <strong>valoriser le r\u00f4le strat\u00e9gique<\/strong> des \u00e9quipes mobilit\u00e9. Des indicateurs sur <strong>la gestion des co\u00fbts<\/strong>, la <strong>conformit\u00e9<\/strong>, <strong>l\u2019efficacit\u00e9 des processus<\/strong> ou encore le <strong>reporting aux parties prenantes<\/strong> renforcent la <strong>visibilit\u00e9 de la fonction<\/strong> et son <strong>alignement avec les objectifs globaux de l\u2019entreprise<\/strong>, comme le souligne l\u2019enqu\u00eate de r\u00e9f\u00e9rence 2024 de KPMG sur la mobilit\u00e9 internationale.<\/p>\n<p>&nbsp;<\/p>\n<h2 class=\"bpost\">9. Enjeux environnementaux, sociaux et de gouvernance (ESG)<\/h2>\n<p>Les politiques <strong>ESG (Environnement, Social et Gouvernance)<\/strong> occupent d\u00e9sormais une <strong>place centrale dans de nombreuses organisations<\/strong>. Selon le <em>rapport Aon International People Mobility 2024<\/em>, <strong>65 % des entreprises<\/strong> d\u00e9clarent <strong>les mettre activement en \u0153uvre<\/strong> dans leurs strat\u00e9gies et op\u00e9rations.<\/p>\n<p><center><img decoding=\"async\" src=\"\/wp-content\/uploads\/sites\/6\/2025\/01\/esg-policies-global-mobility-fr-scaled-1.jpg\" alt=\"Implementing ESG policies in your global mobility programme\" width=\"65%\" data-src=\"\/wp-content\/uploads\/sites\/6\/2025\/01\/esg-policies-global-mobility-fr-scaled-1.jpg\" \/><\/center>Les cadres r\u00e9glementaires, tels que la <strong>Directive europ\u00e9enne sur la publication d\u2019informations en mati\u00e8re de durabilit\u00e9 des entreprises (CSRD)<\/strong>, vont <strong>renforcer encore davantage l\u2019importance des crit\u00e8res ESG<\/strong>, en <strong>obligeant les entreprises \u00e0 rendre compte de leurs impacts environnementaux et sociaux<\/strong>.<\/p>\n<p>Dans le domaine de la mobilit\u00e9 internationale, les entreprises cherchent \u00e0 <strong>concilier leurs objectifs ESG avec les pressions \u00e9conomiques<\/strong>. Elles adoptent pour cela des solutions <strong>plus responsables et rentables<\/strong>, comme les politiques de <strong>don ou de recyclage au lieu du d\u00e9m\u00e9nagement (\u00ab\u00a0discard and donate\u00a0\u00bb)<\/strong>, ou encore la <strong>r\u00e9duction du recours au transport maritime<\/strong>, reconnu pour son <strong>fort impact carbone<\/strong>.<\/p>\n<p>Selon la dur\u00e9e de la mission, <strong>la location de mobilier<\/strong> pourrait-elle repr\u00e9senter une <strong>\u00e9conomie significative<\/strong>, tout en \u00e9tant <strong>plus \u00e9cologique<\/strong> ? Une alternative \u00e0 consid\u00e9rer s\u00e9rieusement pour les \u00e9quipes de mobilit\u00e9 internationale en qu\u00eate d\u2019efficacit\u00e9 budg\u00e9taire et de responsabilit\u00e9 environnementale.<\/p>\n<p>&nbsp;<\/p>\n<h2 class=\"bpost\">Ces tendances vous ont-elles fait r\u00e9fl\u00e9chir ?<\/h2>\n<p>Ce n\u2019est qu\u2019un d\u00e9but. Au cours de l\u2019ann\u00e9e, nous analyserons plus en d\u00e9tail ces \u00e9volutions du secteur pour vous aider \u00e0 <strong>identifier celles qui m\u00e9ritent votre attention<\/strong> dans la pr\u00e9paration de vos plans pour <strong>2026<\/strong>.<\/p>\n<p><strong>Vous avez d\u00e9j\u00e0 entam\u00e9 cette r\u00e9flexion mais vous avez des questions sur les bonnes pratiques ou les prochaines \u00e9tapes ?\u00a0<a href=\"\/fr\/contactez-nous\/\">Contactez-nous d\u00e8s aujourd\u2019hui<\/a> ! Nous sommes \u00e0 vos c\u00f4t\u00e9s pour vous aider \u00e0 tirer le meilleur parti de ces tendances, sans engagement.<\/strong><\/p>\n","protected":false},"excerpt":{"rendered":"<p>Nouvelle ann\u00e9e, nouveaux d\u00e9fis et nouvelles opportunit\u00e9s pour les professionnels de la mobilit\u00e9 internationale. Pour vous aider \u00e0 vous pr\u00e9parer (et garder une longueur d&rsquo;avance\u202f!), nous avons analys\u00e9 les derni\u00e8res \u00e9tudes de r\u00e9f\u00e9rence publi\u00e9es par des experts reconnus du secteur, et les avons crois\u00e9es avec notre propre exp\u00e9rience de terrain afin de vous pr\u00e9senter les neuf grandes tendances qui fa\u00e7onneront la mobilit\u00e9 internationale au cours de l\u2019ann\u00e9e \u00e0 venir.<\/p>\n","protected":false},"author":25,"featured_media":30993,"comment_status":"closed","ping_status":"closed","sticky":false,"template":"","format":"standard","meta":{"wds_primary_category":0},"categories":[714],"tags":[],"acf":[],"_links":{"self":[{"href":"https:\/\/www.ags-relocation.com\/fr\/wp-json\/wp\/v2\/posts\/31126"}],"collection":[{"href":"https:\/\/www.ags-relocation.com\/fr\/wp-json\/wp\/v2\/posts"}],"about":[{"href":"https:\/\/www.ags-relocation.com\/fr\/wp-json\/wp\/v2\/types\/post"}],"author":[{"embeddable":true,"href":"https:\/\/www.ags-relocation.com\/fr\/wp-json\/wp\/v2\/users\/25"}],"replies":[{"embeddable":true,"href":"https:\/\/www.ags-relocation.com\/fr\/wp-json\/wp\/v2\/comments?post=31126"}],"version-history":[{"count":4,"href":"https:\/\/www.ags-relocation.com\/fr\/wp-json\/wp\/v2\/posts\/31126\/revisions"}],"predecessor-version":[{"id":31142,"href":"https:\/\/www.ags-relocation.com\/fr\/wp-json\/wp\/v2\/posts\/31126\/revisions\/31142"}],"wp:featuredmedia":[{"embeddable":true,"href":"https:\/\/www.ags-relocation.com\/fr\/wp-json\/wp\/v2\/media\/30993"}],"wp:attachment":[{"href":"https:\/\/www.ags-relocation.com\/fr\/wp-json\/wp\/v2\/media?parent=31126"}],"wp:term":[{"taxonomy":"category","embeddable":true,"href":"https:\/\/www.ags-relocation.com\/fr\/wp-json\/wp\/v2\/categories?post=31126"},{"taxonomy":"post_tag","embeddable":true,"href":"https:\/\/www.ags-relocation.com\/fr\/wp-json\/wp\/v2\/tags?post=31126"}],"curies":[{"name":"wp","href":"https:\/\/api.w.org\/{rel}","templated":true}]}}