{"id":30894,"date":"2024-08-15T05:28:42","date_gmt":"2024-08-15T05:28:42","guid":{"rendered":"https:\/\/www.ags-relocation.com\/news\/brussels-immigration-changes-2024\/"},"modified":"2024-08-27T13:59:32","modified_gmt":"2024-08-27T13:59:32","slug":"immigration-bruxelles-2024","status":"publish","type":"post","link":"https:\/\/www.ags-relocation.com\/fr\/news\/immigration-bruxelles-2024\/","title":{"rendered":"Immigration Belgique : Changements dans la politique d&rsquo;immigration de Bruxelles"},"content":{"rendered":"<p>Alors que la Belgique cherche \u00e0 rem\u00e9dier aux p\u00e9nuries de main-d&rsquo;\u0153uvre, la r\u00e9gion de Bruxelles va revoir les lois sur l&rsquo;immigration pour attirer et retenir les talents \u00e9trangers. Ces changements incluent de nouvelles exemptions de visa, des tests du march\u00e9 du travail, des r\u00e8gles plus souples concernant le changement d&#8217;employeur, une application plus stricte des niveaux de salaire minimum et une plus grande clart\u00e9 des crit\u00e8res d&rsquo;obtention de la carte professionnelle de travailleur ind\u00e9pendant. Certains de ces changements d\u00e9coulent \u00e9galement de la mise en \u0153uvre par la r\u00e9gion de Bruxelles des nouvelles r\u00e8gles issues de la r\u00e9vision de la directive sur la carte bleue de l&rsquo;UE, assouplissant les exigences en mati\u00e8re de visa pour les d\u00e9tenteurs de la carte bleue de l&rsquo;UE.<\/p>\n<p>&nbsp;<\/p>\n<h2 class=\"bpost\">Des tests de march\u00e9 du travail assouplis et moins de d\u00e9marches administratives pour les employeurs<\/h2>\n<p>3<br \/>\nLes employeurs d\u00e9sireux d&rsquo;engager des travailleurs \u00e9trangers n\u2019auront plus \u00e0 \u00a0suivre la proc\u00e9dure d&rsquo;\u00e9valuation du march\u00e9 du travail pour les emplois figurant sur la <a href=\"https:\/\/economie-emploi.brussels\/permis-liste-des-professions-en-penurie\" target=\"_blank\" rel=\"noopener\">liste des professions en p\u00e9nurie de la R\u00e9gion de Bruxelles-Capitale<\/a>. Les recrutements pour les postes essentiels seront \u00a0facilit\u00e9s. Ceux qui emploient d\u00e9j\u00e0 des travailleurs non ressortissants de l&rsquo;UE, pourront d\u00e9sormais prolonger la validit\u00e9 d&rsquo;un visa de travail plus ais\u00e9ment, les autorit\u00e9s bruxelloises ne proc\u00e9deront \u00e0 un contr\u00f4le de conformit\u00e9 annuel que pour les permis de travail de plus de 12 mois. Dans la l\u00e9gislation actuelle, les employeurs devaient soumettre volontairement une notification de conformit\u00e9 pour maintenir le visa.<\/p>\n<p><strong><a href=\"\/fr\/nos-services\/immigration\/\" target=\"_blank\" rel=\"noopener\">&gt; En savoir plus sur comment simplifier et acc\u00e9l\u00e9rer le processus d\u2019expatriation de vos employ\u00e9s extracommunautaires.<\/a><\/strong><\/p>\n<p>&nbsp;<\/p>\n<h2 class=\"bpost\">Les travailleurs peuvent changer d&#8217;employeur plus rapidement<\/h2>\n<p><img decoding=\"async\" class=\"wp-image-2637 alignright ls-is-cached lazyloaded\" style=\"margin-left: 30px;\" src=\"\/wp-content\/uploads\/sites\/6\/2024\/08\/new-visa-rules-brussels.jpg\" alt=\"New Visa Rules in Brussels 2024\" width=\"375\" height=\"249\" data-src=\"\/wp-content\/uploads\/sites\/6\/2024\/08\/new-visa-rules-brussels.jpg\" \/><\/p>\n<p>Apr\u00e8s avoir travaill\u00e9 30 mois dans la R\u00e9gion bruxelloise, les travailleurs titulaires d&rsquo;un visa pourront changer d&#8217;employeur sans demander un nouveau permis de travail. Actuellement, cela n&rsquo;\u00e9tait possible qu&rsquo;apr\u00e8s 48 mois. Cette mesure rend le permis de travail plus attrayant pour les talents \u00e9trangers et employeurs potentiels, leur permettant de gagner du temps et de r\u00e9duire leurs d\u00e9penses.<\/p>\n<p>&nbsp;<\/p>\n<h2 class=\"bpost\">R\u00e9glementation plus stricte des niveaux de salaire minimum<\/h2>\n<p>Les r\u00e8gles concernant le seuil de salaire minimum ont \u00e9t\u00e9 durcies, les b\u00e9n\u00e9fices des employ\u00e9s ne pouvant plus \u00eatre inclus dans le calcul du seuil de salaire pour les travailleurs hautement qualifi\u00e9s. Si les travailleurs n&rsquo;atteignent pas le seuil de salaire minimum en l&rsquo;absence d&rsquo;avantages sociaux, les employeurs devront augmenter leur salaire de base pour que le visa de travail soit valide. Cette mesure aura une incidence sur les employ\u00e9s titulaires d&rsquo;un permis unique hautement qualifi\u00e9, d&rsquo;une carte bleue europ\u00e9enne ou d&rsquo;un permis de transfert temporaire intragroupe de l&rsquo;UE (TIC).<\/p>\n<p>&nbsp;<\/p>\n<h2 class=\"bpost\">Assouplissement des conditions d&rsquo;obtention de la carte bleue europ\u00e9enne<\/h2>\n<p><img decoding=\"async\" class=\"wp-image-2637 alignright ls-is-cached lazyloaded\" style=\"margin-left: 30px;\" src=\"\/wp-content\/uploads\/sites\/6\/2024\/08\/eu-blue-card-requirements.jpg\" alt=\"EU Blue Card Requirements and Updates 2024\" width=\"375\" height=\"249\" data-src=\"\/wp-content\/uploads\/sites\/6\/2024\/08\/eu-blue-card-requirements.jpg\" \/><\/p>\n<p>Plusieurs changements concernent la r\u00e9glementation relative \u00e0 la carte bleue europ\u00e9enne, la r\u00e9gion de Bruxelles ayant partiellement align\u00e9 sa politique d&rsquo;immigration sur la directive r\u00e9vis\u00e9e. Embaucher dans le domaine des technologies de l&rsquo;information est facilit\u00e9 : les candidats de cette cat\u00e9gorie n&rsquo;ont plus besoin d&rsquo;une qualification acad\u00e9mique pour \u00eatre \u00e9ligibles \u00e0 la carte bleue europ\u00e9enne. Une exp\u00e9rience professionnelle r\u00e9cente d&rsquo;au moins trois ans dans le domaine suffit, \u00e0 condition que les candidats occupent des postes de direction ou de sp\u00e9cialistes dans le secteur. Tous les migrants hautement qualifi\u00e9s n&rsquo;ont dor\u00e9navant besoin que d&rsquo;un contrat de six mois, au lieu de douze mois actuellement, pour b\u00e9n\u00e9ficier de la carte bleue europ\u00e9enne. Cela offre plus de flexibilit\u00e9 aux employeurs dans l&rsquo;\u00e9laboration des contrats de travail des candidats \u00e9trangers. Enfin, les titulaires d&rsquo;une carte bleue europ\u00e9enne souhaitant changer d&#8217;employeur ne peuvent le faire actuellement qu&rsquo;apr\u00e8s 24 mois sans demander un nouveau visa de travail. Toutefois, la nouvelle l\u00e9gislation ne demande l&rsquo;approbation du minist\u00e8re r\u00e9gional de l&#8217;emploi que s&rsquo;ils changent d&#8217;employeur au cours des 12 premiers mois; apr\u00e8s cela, changer d&#8217;employeur peut se faire imm\u00e9diatement, sans approbation, \u00e0 condition d&rsquo;en informer les autorit\u00e9s.<\/p>\n<p>Pour de plus amples informations, veuillez consulter l&rsquo;<a href=\"https:\/\/economie-emploi.brussels\/autorisations-travail-nouveautes\" target=\"_blank\" rel=\"noopener\">annonce officielle des changements \u00e0 venir<\/a> sur le site internet de l&rsquo;Office de l&rsquo;\u00e9conomie et de l&#8217;emploi de la R\u00e9gion de Bruxelles-Capitale.<\/p>\n<p><strong>D\u00e9sirez-vous des conseils sur l\u2019expatriation de vos employ\u00e9s extracommunautaires en Belgique ? <a href=\"\/fr\/contactez-nous\/\" target=\"_blank\" rel=\"noopener\">Discutons ensemble de leurs besoins en mati\u00e8re d&rsquo;immigration et de d\u00e9m\u00e9nagement !<\/a><\/strong><\/p>\n","protected":false},"excerpt":{"rendered":"<p>\u00c0 compter du 1er octobre 2024, la R\u00e9gion de Bruxelles-Capitale, en Belgique, apportera plusieurs modifications \u00e0 sa politique d&rsquo;immigration pour les  employeurs et les employ\u00e9s \u00e9trangers.<\/p>\n","protected":false},"author":25,"featured_media":30866,"comment_status":"closed","ping_status":"closed","sticky":false,"template":"","format":"standard","meta":{"wds_primary_category":0},"categories":[714],"tags":[],"acf":[],"_links":{"self":[{"href":"https:\/\/www.ags-relocation.com\/fr\/wp-json\/wp\/v2\/posts\/30894"}],"collection":[{"href":"https:\/\/www.ags-relocation.com\/fr\/wp-json\/wp\/v2\/posts"}],"about":[{"href":"https:\/\/www.ags-relocation.com\/fr\/wp-json\/wp\/v2\/types\/post"}],"author":[{"embeddable":true,"href":"https:\/\/www.ags-relocation.com\/fr\/wp-json\/wp\/v2\/users\/25"}],"replies":[{"embeddable":true,"href":"https:\/\/www.ags-relocation.com\/fr\/wp-json\/wp\/v2\/comments?post=30894"}],"version-history":[{"count":2,"href":"https:\/\/www.ags-relocation.com\/fr\/wp-json\/wp\/v2\/posts\/30894\/revisions"}],"predecessor-version":[{"id":30896,"href":"https:\/\/www.ags-relocation.com\/fr\/wp-json\/wp\/v2\/posts\/30894\/revisions\/30896"}],"wp:featuredmedia":[{"embeddable":true,"href":"https:\/\/www.ags-relocation.com\/fr\/wp-json\/wp\/v2\/media\/30866"}],"wp:attachment":[{"href":"https:\/\/www.ags-relocation.com\/fr\/wp-json\/wp\/v2\/media?parent=30894"}],"wp:term":[{"taxonomy":"category","embeddable":true,"href":"https:\/\/www.ags-relocation.com\/fr\/wp-json\/wp\/v2\/categories?post=30894"},{"taxonomy":"post_tag","embeddable":true,"href":"https:\/\/www.ags-relocation.com\/fr\/wp-json\/wp\/v2\/tags?post=30894"}],"curies":[{"name":"wp","href":"https:\/\/api.w.org\/{rel}","templated":true}]}}