{"id":30537,"date":"2024-03-28T10:03:12","date_gmt":"2024-03-28T10:03:12","guid":{"rendered":"https:\/\/www.ags-relocation.com\/?p=30537"},"modified":"2024-03-28T11:18:07","modified_gmt":"2024-03-28T11:18:07","slug":"jeux-olympiques-2024-visa-expatries","status":"publish","type":"post","link":"https:\/\/www.ags-relocation.com\/fr\/news\/jeux-olympiques-2024-visa-expatries\/","title":{"rendered":"Relocation pendant les JO : pourquoi anticiper vos demandes de visa ?"},"content":{"rendered":"<p>La France sera le centre du monde \u00e0 compter du 26 juillet et jusqu\u2019au 8 septembre. Et pour cause\u00a0: l\u2019Hexagone accueille les <a href=\"https:\/\/olympics.com\/fr\/paris-2024\">Jeux Olympiques d\u2019\u00e9t\u00e9 2024<\/a>. Un nouveau chapitre pour Paris et sa r\u00e9gion notamment, mais un d\u00e9fi de taille pour tous les professionnels de la mobilit\u00e9 et de la logistique.<\/p>\n<p>Athl\u00e8tes et leurs d\u00e9l\u00e9gations, m\u00e9dias du monde entier, personnalit\u00e9s officielles et spectateurs\u2026 Plus de 16 millions de visiteurs sont attendus dans la capitale pour assister aux \u00e9preuves et aux c\u00e9r\u00e9monies des Jeux Olympiques entre le 26 juillet et le 11 ao\u00fbt puis pour les Jeux paralympiques du 28 ao\u00fbt au 8 septembre.<\/p>\n<p>Les demandes de visas pour les personnes en provenance de certains pays vont ainsi se multiplier. La France se pr\u00e9pare \u00e0 une hausse significative d\u2019environ 70 000 \u00e0 compter de janvier 2024. Les ambassades et consulats fran\u00e7ais vont se concentrer sur cet afflux de demandes. Un consulat Olympique a ouvert le 1<sup>er<\/sup> janvier 2024 afin de centraliser toutes les requ\u00eates de visas \u00e9mises par les visiteurs des Jeux Olympiques et d\u2019acc\u00e9l\u00e9rer le processus pour les personnes li\u00e9es aux comp\u00e9titions.<\/p>\n<p>Mais cette situation aura des cons\u00e9quences sur un large \u00e9ventail de voyageurs, y compris les professionnels en mobilit\u00e9 internationale et leurs familles. Ces derniers pourraient devoir attendre l\u2019obtention de leurs visas bien plus longtemps que d\u2019habitude. Ce retard pourrait entra\u00eener des r\u00e9percussions sur leurs d\u00e9m\u00e9nagements en France. Si vos salari\u00e9s d\u00e9m\u00e9nagent sur cette p\u00e9riode, il est pr\u00e9f\u00e9rable d\u2019anticiper les d\u00e9marches administratives, car les d\u00e9lais pour obtenir le visa d\u2019immigration risquent d\u2019\u00eatre rallong\u00e9s.<\/p>\n<p>Jusqu&rsquo;\u00e0 pr\u00e9sent, aucun retard n&rsquo;a \u00e9t\u00e9 signal\u00e9, mais \u00e0 quatre mois du d\u00e9but des jeux, la situation pourrait encore changer. AGS Relocation suit de pr\u00e8s les d\u00e9lais de traitement des visas et vous tiendra inform\u00e9.<\/p>\n<p>Dans le cadre de ses services, AGS Relocation peut vous aider \u00e0 faciliter votre d\u00e9m\u00e9nagement en France pendant cette p\u00e9riode. Notre si\u00e8ge social \u00e0 Paris est dot\u00e9 d\u2019un <a href=\"\/fr\/nos-services\/immigration\/\">service d\u2019immigration performant<\/a> qui peut s\u2019assurer que votre demande de visa est compl\u00e8te et correcte d\u00e8s la premi\u00e8re soumission, vous aidant ainsi \u00e0 \u00e9viter des retards \u00e9ventuels.<\/p>\n<p><strong>Pour des mises \u00e0 jour sur l&rsquo;impact des Jeux Olympiques sur votre relocation \u00e0 Paris, <\/strong><a href=\"https:\/\/www.linkedin.com\/company\/ags-relocation\"><strong>suivez AGS Relocation sur LinkedIn<\/strong><\/a><strong>.<\/strong><\/p>\n","protected":false},"excerpt":{"rendered":"<p>L\u2019\u00e9t\u00e9 fait partie des p\u00e9riodes propices aux mobilit\u00e9s, notamment des professionnels et de leurs familles. Mais en cette ann\u00e9e exceptionnelle, marqu\u00e9e par les Jeux Olympiques et paralympiques en France, les entreprises et leurs salari\u00e9s doivent anticiper leurs d\u00e9marches administratives pour pouvoir s\u2019installer sans difficult\u00e9 dans l\u2019Hexagone. AGS se pr\u00e9pare \u00e0 cette p\u00e9riode et vous d\u00e9voile quelques conseils pour anticiper votre mobilit\u00e9 ou celle de vos salari\u00e9s.<\/p>\n","protected":false},"author":25,"featured_media":30533,"comment_status":"closed","ping_status":"closed","sticky":false,"template":"","format":"standard","meta":{"wds_primary_category":0},"categories":[714],"tags":[],"acf":[],"_links":{"self":[{"href":"https:\/\/www.ags-relocation.com\/fr\/wp-json\/wp\/v2\/posts\/30537"}],"collection":[{"href":"https:\/\/www.ags-relocation.com\/fr\/wp-json\/wp\/v2\/posts"}],"about":[{"href":"https:\/\/www.ags-relocation.com\/fr\/wp-json\/wp\/v2\/types\/post"}],"author":[{"embeddable":true,"href":"https:\/\/www.ags-relocation.com\/fr\/wp-json\/wp\/v2\/users\/25"}],"replies":[{"embeddable":true,"href":"https:\/\/www.ags-relocation.com\/fr\/wp-json\/wp\/v2\/comments?post=30537"}],"version-history":[{"count":3,"href":"https:\/\/www.ags-relocation.com\/fr\/wp-json\/wp\/v2\/posts\/30537\/revisions"}],"predecessor-version":[{"id":30542,"href":"https:\/\/www.ags-relocation.com\/fr\/wp-json\/wp\/v2\/posts\/30537\/revisions\/30542"}],"wp:featuredmedia":[{"embeddable":true,"href":"https:\/\/www.ags-relocation.com\/fr\/wp-json\/wp\/v2\/media\/30533"}],"wp:attachment":[{"href":"https:\/\/www.ags-relocation.com\/fr\/wp-json\/wp\/v2\/media?parent=30537"}],"wp:term":[{"taxonomy":"category","embeddable":true,"href":"https:\/\/www.ags-relocation.com\/fr\/wp-json\/wp\/v2\/categories?post=30537"},{"taxonomy":"post_tag","embeddable":true,"href":"https:\/\/www.ags-relocation.com\/fr\/wp-json\/wp\/v2\/tags?post=30537"}],"curies":[{"name":"wp","href":"https:\/\/api.w.org\/{rel}","templated":true}]}}