{"id":29658,"date":"2023-08-03T08:47:57","date_gmt":"2023-08-03T08:47:57","guid":{"rendered":"https:\/\/staging.ags-relocation.com\/news\/germany-eases-skilled-worker-laws\/"},"modified":"2023-08-22T10:56:52","modified_gmt":"2023-08-22T10:56:52","slug":"allemagne-allege-lois-pour-travailleurs-etrangers","status":"publish","type":"post","link":"https:\/\/www.ags-relocation.com\/fr\/news\/allemagne-allege-lois-pour-travailleurs-etrangers\/","title":{"rendered":"Immigration en Allemagne : Assouplissement de la l\u00e9gislation pour attirer les talents \u00e9trangers"},"content":{"rendered":"<p>Afin de rem\u00e9dier \u00e0 la p\u00e9nurie de travailleurs qualifi\u00e9s dans le pays, le gouvernement f\u00e9d\u00e9ral allemand a r\u00e9cemment approuv\u00e9 d&rsquo;importantes modifications aux r\u00e9gimes d&rsquo;immigration des travailleurs qualifi\u00e9s.<\/p>\n<p>&nbsp;<\/p>\n<h2 class=\"bpost\">R\u00e9duction des seuils de salaire minimum<\/h2>\n<p>L&rsquo;un des changements majeur concerne la r\u00e9glementation relative \u00e0 la carte bleue europ\u00e9enne. La liste des professions en p\u00e9nurie de main-d&rsquo;\u0153uvre qualifi\u00e9e sera \u00e9largie et le seuil du salaire minimum pour ces emplois sera ramen\u00e9 de 45 552 euros \u00e0 39 683 euros. Cette exigence salariale s&rsquo;appliquera \u00e9galement aux jeunes dipl\u00f4m\u00e9s pendant les trois ann\u00e9es suivant l&rsquo;obtention de leur dipl\u00f4me, quel que soit le poste occup\u00e9. Pour les professionnels exp\u00e9riment\u00e9s, le seuil a \u00e9t\u00e9 abaiss\u00e9 de 58 400 euros \u00e0 43 800 euros.<\/p>\n<p>&nbsp;<\/p>\n<h2 class=\"bpost\">D\u00e9velopper l\u2019acc\u00e8s aux professionnels exp\u00e9riment\u00e9s<\/h2>\n<p>Auparavant, les personnes exer\u00e7ant dans le secteur des technologies de l&rsquo;information et de la communication (TIC) sans dipl\u00f4me d&rsquo;enseignement sup\u00e9rieur pouvaient demander un permis de s\u00e9jour si elles avaient une exp\u00e9rience professionnelle pertinente d\u2019au moins trois ans au cours des sept ann\u00e9es pr\u00e9c\u00e9dentes. Cette condition a \u00e9t\u00e9 ramen\u00e9e \u00e0 deux ans d&rsquo;exp\u00e9rience au cours des cinq derni\u00e8res ann\u00e9es.<\/p>\n<p>En outre, les permis de s\u00e9jour fond\u00e9s sur une exp\u00e9rience professionnelle pertinente de deux ans seront \u00e9tendus \u00e0 toutes les professions. Les demandeurs n&rsquo;appartenant pas au secteur des TIC devront cependant avoir suivi une formation professionnelle d\u2019au moins deux ans, ou \u00eatre titulaire d&rsquo;un dipl\u00f4me universitaire. La connaissance de l&rsquo;allemand ne sera plus requise pour obtenir ce type de permis de s\u00e9jour.<\/p>\n<p>&nbsp;<\/p>\n<h2 class=\"bpost\">Assouplissement des contraintes li\u00e9es aux contrats de travail<\/h2>\n<p><img decoding=\"async\" class=\"wp-image-2637 alignright ls-is-cached lazyloaded\" style=\"margin-left: 30px;\" src=\"\/wp-content\/uploads\/sites\/6\/2023\/08\/relaxed-work-restrictions-germany.jpg\" alt=\"Relaxed work restrictions in Germany\" width=\"375\" height=\"249\" data-src=\"\/wp-content\/uploads\/sites\/6\/2023\/08\/relaxed-work-restrictions-germany.jpg\" \/><\/p>\n<p>Si ces changements b\u00e9n\u00e9ficieront aux employeurs, il est important de souligner qu\u2019ils sont \u00e9galement destin\u00e9s \u00e0 attirer les demandeurs d&#8217;emploi. Les candidats pourront demander une <a href=\"https:\/\/immigration-portal.ec.europa.eu\/blue-card\/essential-information_fr?etrans=fr\">carte bleue<\/a> avec un contrat de travail d&rsquo;au moins six mois, au lieu d&rsquo;un an, comme c&rsquo;est le cas actuellement.<\/p>\n<p>Lorsque les d\u00e9tenteurs de la carte bleue changeront d&#8217;employeur ou de poste, leurs contraintes seront all\u00e9g\u00e9es. En effet, auparavant, la validit\u00e9 de la carte bleue \u00e9tait limit\u00e9e \u00e0 24 mois pour un employeur ou un poste sp\u00e9cifique, mais cette limite a \u00e9t\u00e9 ramen\u00e9e \u00e0 12 mois.<\/p>\n<p>&nbsp;<\/p>\n<h2 class=\"bpost\">Une voie d\u2019acc\u00e8s plus rapide \u00e0 la r\u00e9sidence permanente<\/h2>\n<p>Les titulaires d&rsquo;une carte bleue ayant des comp\u00e9tences en allemand pourront b\u00e9n\u00e9ficier de la carte au bout de seulement 27 mois, au lieu de 33 mois pr\u00e9c\u00e9demment. Les travailleurs exp\u00e9riment\u00e9s b\u00e9n\u00e9ficiant d&rsquo;autres programmes, ainsi que les conjoints d&#8217;employ\u00e9s qualifi\u00e9s, seront dor\u00e9navant \u00e9ligibles apr\u00e8s trois ans au lieu de quatre.<\/p>\n<p>&nbsp;<\/p>\n<h2 class=\"bpost\">Des possibilit\u00e9s de regroupement familial \u00e9largies<\/h2>\n<p><img decoding=\"async\" class=\"wp-image-2637 alignright ls-is-cached lazyloaded\" style=\"margin-left: 30px;\" src=\"\/wp-content\/uploads\/sites\/6\/2023\/08\/blue-card-family-immigration.jpg\" alt=\"Blue Card facilitates family immigration to Germany\" width=\"375\" height=\"249\" data-src=\"\/wp-content\/uploads\/sites\/6\/2023\/08\/blue-card-family-immigration.jpg\" \/>Les nouvelles r\u00e8gles permettront \u00e9galement aux employ\u00e9s potentiels de faire plus facilement venir leur famille en Allemagne. Auparavant, les permis pour personnes \u00e0 charge n&rsquo;\u00e9taient d\u00e9livr\u00e9s qu&rsquo;aux conjoints. D\u00e9sormais, les parents des travailleurs qualifi\u00e9s pourront \u00e9galement en faire la demande.<\/p>\n<p>&nbsp;<\/p>\n<p>&nbsp;<\/p>\n<p>&nbsp;<\/p>\n<p><strong>Vous souhaitez obtenir des conseils sur le transfert de vos employ\u00e9s non ressortissants de l&rsquo;UE vers l\u2019Allemagne ? <\/strong><a href=\"https:\/\/www.ags-relocation.com\/fr\/contactez-nous\/\"><strong>Contactez-nous pour discuter de leurs besoins en mati\u00e8re d&rsquo;immigration et de d\u00e9m\u00e9nagement !<\/strong><\/a><\/p>\n","protected":false},"excerpt":{"rendered":"<p>Il sera plus facile de recruter des travailleurs qualifi\u00e9s non ressortissants de l&rsquo;UE \u00e0 partir de novembre 2023, lorsque les derni\u00e8res modifications apport\u00e9es \u00e0 la l\u00e9gislation allemande sur l&rsquo;immigration, entreront en vigueur. <\/p>\n","protected":false},"author":23,"featured_media":29546,"comment_status":"closed","ping_status":"closed","sticky":false,"template":"","format":"standard","meta":{"wds_primary_category":0},"categories":[311,324,663,707,708,322],"tags":[],"acf":[],"_links":{"self":[{"href":"https:\/\/www.ags-relocation.com\/fr\/wp-json\/wp\/v2\/posts\/29658"}],"collection":[{"href":"https:\/\/www.ags-relocation.com\/fr\/wp-json\/wp\/v2\/posts"}],"about":[{"href":"https:\/\/www.ags-relocation.com\/fr\/wp-json\/wp\/v2\/types\/post"}],"author":[{"embeddable":true,"href":"https:\/\/www.ags-relocation.com\/fr\/wp-json\/wp\/v2\/users\/23"}],"replies":[{"embeddable":true,"href":"https:\/\/www.ags-relocation.com\/fr\/wp-json\/wp\/v2\/comments?post=29658"}],"version-history":[{"count":2,"href":"https:\/\/www.ags-relocation.com\/fr\/wp-json\/wp\/v2\/posts\/29658\/revisions"}],"predecessor-version":[{"id":29660,"href":"https:\/\/www.ags-relocation.com\/fr\/wp-json\/wp\/v2\/posts\/29658\/revisions\/29660"}],"wp:featuredmedia":[{"embeddable":true,"href":"https:\/\/www.ags-relocation.com\/fr\/wp-json\/wp\/v2\/media\/29546"}],"wp:attachment":[{"href":"https:\/\/www.ags-relocation.com\/fr\/wp-json\/wp\/v2\/media?parent=29658"}],"wp:term":[{"taxonomy":"category","embeddable":true,"href":"https:\/\/www.ags-relocation.com\/fr\/wp-json\/wp\/v2\/categories?post=29658"},{"taxonomy":"post_tag","embeddable":true,"href":"https:\/\/www.ags-relocation.com\/fr\/wp-json\/wp\/v2\/tags?post=29658"}],"curies":[{"name":"wp","href":"https:\/\/api.w.org\/{rel}","templated":true}]}}