{"id":29265,"date":"2023-05-22T14:00:45","date_gmt":"2023-05-22T14:00:45","guid":{"rendered":"https:\/\/www.ags-relocation.com\/news\/top-5-swiss-cities-for-british-expats-to-live-in\/"},"modified":"2023-05-26T08:37:30","modified_gmt":"2023-05-26T08:37:30","slug":"top-5-des-villes-suisses-qui-font-rever-les-francais","status":"publish","type":"post","link":"https:\/\/www.ags-relocation.com\/fr\/news\/top-5-des-villes-suisses-qui-font-rever-les-francais\/","title":{"rendered":"Le Top 5 des villes suisses qui font r\u00eaver les Fran\u00e7ais"},"content":{"rendered":"<h2 class=\"bpost\">A propos de la Suisse<\/h2>\n<p>Le Plateau ou Moyen Pays, connu pour ses plaines, ses collines et ses grands lacs, est la r\u00e9gion la plus peupl\u00e9e, repr\u00e9sentant 31 % du pays. Le sud est domin\u00e9 par les imposantes Alpes suisses, tandis que le nord abrite le Jura, une cha\u00eene de montagnes subalpines qui s&rsquo;\u00e9tend sur 11 % du pays. Ces diff\u00e9rentes r\u00e9gions ont quatre langues officielles : le fran\u00e7ais, l&rsquo;allemand, l&rsquo;italien et le romanche.<\/p>\n<p>La Suisse s&rsquo;enorgueillit d&rsquo;une \u00e9conomie de march\u00e9 prosp\u00e8re et moderne, avec un niveau de vie parmi les plus \u00e9lev\u00e9s au monde. Cela se traduit par un PIB par habitant \u00e9lev\u00e9, des soins de sant\u00e9 exceptionnels et un syst\u00e8me de s\u00e9curit\u00e9 sociale efficace qui veille \u00e0 ce que personne ne soit laiss\u00e9 pour compte. En outre, la Suisse offre des emplois bien r\u00e9mun\u00e9r\u00e9s, des transports publics efficaces et un environnement remarquablement propre et s\u00fbr. La bonne nouvelle c\u2019est que gr\u00e2ce \u00e0 la libre circulation avec l\u2019UE\/AELE, vous pouvez entrer, <a href=\"https:\/\/www.ch.ch\/fr\/etrangers-en-suisse\/travailler-en-suisse\/#vous-etes-citoyen-de-lueaele\">vivre et travailler en Suisse<\/a>. Cependant, la vie en Suisse peut \u00eatre ch\u00e8re et certains co\u00fbts peuvent surprendre.<\/p>\n<p>&nbsp;<\/p>\n<h2 class=\"bpost\">Les cinq villes suisses o\u00f9 il fait bon vivre<\/h2>\n<h3 style=\"text-align: left;\">Gen\u00e8ve<\/h3>\n<p><img decoding=\"async\" class=\"alignnone size-full wp-image-106006\" style=\"margin: 0px;\" src=\"\/wp-content\/uploads\/sites\/6\/2023\/05\/demenager-en-geneve.jpg\" alt=\"d\u00e9m\u00e9nager en Geneve\" width=\"960px\" height=\"413px\" data-src=\"\/wp-content\/uploads\/sites\/6\/2023\/05\/demenager-en-geneve.jpg\" \/><\/p>\n<p>La ville francophone de Gen\u00e8ve est la deuxi\u00e8me plus grande ville de Suisse, avec des liens culturels et g\u00e9ographiques \u00e9troits avec la France. C&rsquo;est un centre financier et le si\u00e8ge europ\u00e9en de plusieurs organisations multinationales telles que les Nations Unies et l&rsquo;Organisation Mondiale de la Sant\u00e9. Abritant un grand nombre d&rsquo;entreprises internationales dans divers secteurs d&rsquo;activit\u00e9, Gen\u00e8ve offre \u00e9galement une grande diversit\u00e9 d&rsquo;offre d\u2019emplois. La ville compte 18 \u00e9coles internationales, dont 17 ont l&rsquo;anglais comme langue d&rsquo;enseignement (2023). Pour l\u2019enseignement en langue fran\u00e7aise, il existe l\u2019\u00c9cole fran\u00e7aise de Gen\u00e8ve.<\/p>\n<p>Le r\u00e9seau <a href=\"https:\/\/ch.ambafrance.org\/L-enseignement-francais-en-Suisse-Le-reseau-AEFE\">AEFE<\/a> (Agence pour l\u2019Enseignement Fran\u00e7ais \u00e0 l\u2019\u00c9tranger) vous donnera la liste des \u00e9tablissements en Suisse qui sont homologu\u00e9s par le Minist\u00e8re fran\u00e7ais de l\u2019\u00c9ducation nationale.<\/p>\n<p>Vivre dans cette ville suisse est un luxe dans tous les sens du terme, ce niveau de vie \u00e9lev\u00e9 s&rsquo;accompagne d&rsquo;un co\u00fbt \u00e9lev\u00e9. Consid\u00e9r\u00e9 comme cher, m\u00eame selon les normes suisses, le co\u00fbt de la vie \u00e0 Gen\u00e8ve est environ 32 % plus \u00e9lev\u00e9 qu&rsquo;\u00e0 Paris (2023). Le tableau suivant compare les co\u00fbts de base entre les deux villes.<\/p>\n<figure>\n<table style=\"font-size: initial;\">\n<tbody>\n<tr style=\"background-color: #ddd;\">\n<td width=\"302\"><strong>Logement<\/strong><\/td>\n<td style=\"text-transform: uppercase;\" width=\"113\"><strong><img decoding=\"async\" src=\"\/wp-content\/uploads\/2023\/05\/swiss-flag.jpg\" \/> Gen\u00e8ve<\/strong><\/td>\n<td width=\"113\"><strong><img decoding=\"async\" src=\"\/wp-content\/plugins\/sitepress-multilingual-cms\/res\/flags\/fr.png\" \/> PARIS<\/strong><\/td>\n<\/tr>\n<tr style=\"background-color: #f2f2f2;\">\n<td width=\"302\"><strong>Appartement une chambre <\/strong><\/td>\n<td width=\"113\">1\u00a0778,69\u20ac<\/td>\n<td style=\"color: #ad0a09;\" width=\"113\">1\u00a0184.80\u20ac<\/td>\n<\/tr>\n<tr style=\"background-color: #f2f2f2;\">\n<td width=\"302\"><strong>Appartement trois chambres en ville<\/strong><\/td>\n<td style=\"color: #ad0a09;\" width=\"113\">4215.13\u20ac<\/td>\n<td width=\"113\">2827.42\u20ac<\/td>\n<\/tr>\n<tr style=\"background-color: #ddd;\">\n<td width=\"302\"><strong>Transport<\/strong><\/td>\n<td width=\"113\"><\/td>\n<td width=\"113\"><\/td>\n<\/tr>\n<tr style=\"background-color: #f2f2f2;\">\n<td width=\"302\">Abonnement mensuel<\/td>\n<td width=\"113\">71,84\u20ac<\/td>\n<td style=\"color: #ad0a09;\" width=\"113\">84,00\u20ac<\/td>\n<\/tr>\n<tr style=\"background-color: #ddd;\">\n<td width=\"302\"><strong>Nourriture<\/strong><\/td>\n<td width=\"113\"><\/td>\n<td width=\"113\"><\/td>\n<\/tr>\n<tr style=\"background-color: #f2f2f2;\">\n<td width=\"302\">1 Litre de lait<\/td>\n<td style=\"color: #ad0a09;\" width=\"113\">1,61\u20ac<\/td>\n<td width=\"113\">1,20\u20ac<\/td>\n<\/tr>\n<tr style=\"background-color: #f2f2f2;\">\n<td width=\"302\">1kg de filets de poulet<\/td>\n<td style=\"color: #ad0a09;\" width=\"113\">23,59\u20ac<\/td>\n<td width=\"113\">13,26\u20ac<\/td>\n<\/tr>\n<tr style=\"background-color: #f2f2f2;\">\n<td width=\"302\">McMeal de McDonalds<\/td>\n<td style=\"color: #ad0a09;\" width=\"113\">15,39\u20ac<\/td>\n<td width=\"113\">10,00\u20ac<\/td>\n<\/tr>\n<tr style=\"background-color: #f2f2f2;\">\n<td width=\"302\">D\u00e9jeuner pour 2 personnes (3 plats, restaurant de milieu de gamme)<\/td>\n<td style=\"color: #ad0a09;\" width=\"113\">99,00\u20ac<\/td>\n<td width=\"113\">60,00\u20ac<\/td>\n<\/tr>\n<tr style=\"background-color: #ddd;\">\n<td width=\"302\"><strong>Education<\/strong><\/td>\n<td width=\"113\"><\/td>\n<td width=\"113\"><\/td>\n<\/tr>\n<tr style=\"background-color: #f2f2f2;\">\n<td width=\"302\">Jardin d\u2019enfants par mois (Prive)<\/td>\n<td style=\"color: #ad0a09;\" width=\"113\">1077.62\u20ac<\/td>\n<td width=\"113\">755.00\u20ac<\/td>\n<\/tr>\n<tr style=\"background-color: #f2f2f2;\">\n<td width=\"302\">Ecole primaire par an (Internationale)<\/td>\n<td style=\"color: #ad0a09;\" width=\"113\">30789.00\u20ac<\/td>\n<td width=\"113\">16428.57\u20ac<\/td>\n<\/tr>\n<tr style=\"background-color: #ddd;\">\n<td width=\"302\"><strong>Revenus<\/strong><\/td>\n<td width=\"113\"><\/td>\n<td width=\"113\"><\/td>\n<\/tr>\n<tr style=\"background-color: #f2f2f2;\">\n<td width=\"302\">Salaire mensuel moyen apr\u00e8s imp\u00f4ts<\/td>\n<td style=\"color: #ad0a09;\" width=\"113\">5\u00a0221,97\u20ac<\/td>\n<td width=\"113\">2 543,77\u20ac<\/td>\n<\/tr>\n<\/tbody>\n<\/table><figcaption style=\"text-align: left !important;\">Donn\u00e9es provenant de Numbeo (2023)<\/figcaption><\/figure>\n<p>&nbsp;<br \/>\nAussi de nombreux fran\u00e7ais sont transfrontaliers, c\u2019est-\u00e0-dire qu\u2019ils habitent en France o\u00f9 les loyers sont plus abordables et passent tous les jours la fronti\u00e8re pour travailler \u00e0 Gen\u00e8ve.<\/p>\n<p><em>Saviez-vous que le plus grand lac d&rsquo;Europe centrale est le lac L\u00e9man. Il borde la ville de Gen\u00e8ve.<\/em><\/p>\n<p>&nbsp;<\/p>\n<h3 style=\"text-align: left;\">Berne<\/h3>\n<p><img decoding=\"async\" class=\"alignnone size-full wp-image-106006\" style=\"margin: 0px;\" src=\"\/wp-content\/uploads\/sites\/6\/2023\/05\/demenager-en-bern.jpg\" alt=\"D\u00e9m\u00e9nager en Bern\" width=\"960px\" height=\"413px\" data-src=\"\/wp-content\/uploads\/sites\/6\/2023\/05\/demenager-en-bern.jpg\" \/><\/p>\n<p>Si vous \u00eates \u00e0 la recherche d&rsquo;un nouvel endroit o\u00f9 vous installer, Berne est un autre excellent choix. Cette ville germanophone, capitale de la Suisse, offre un attrait pour tous quel que soit votre \u00e2ge ou votre nationalit\u00e9. Bien qu&rsquo;elle soit 28.8 % plus ch\u00e8re qu\u2019\u00e0 Paris (2023), vous trouverez que son charme et ses infrastructures en valent la peine. Berne abrite le parlement et dispose d&rsquo;un syst\u00e8me de transport public tr\u00e8s organis\u00e9. Les opportunit\u00e9s d&#8217;emploi attirent de nombreux \u00e9trangers. Ils repr\u00e9sentent plus de 30 % de la population. Lorsque vous avez besoin de faire une pause, vous trouverez de nombreux caf\u00e9s, mus\u00e9es et lieux \u00e0 visiter. De plus, la vieille ville de Berne, magnifiquement pr\u00e9serv\u00e9e, est inscrite au patrimoine mondial de l&rsquo;UNESCO et m\u00e9rite d&rsquo;\u00eatre explor\u00e9e \u00e0 l\u2019infini.<\/p>\n<p><em>Le saviez-vous\u00a0?\u00a0 En raison de ses nombreuses fontaines publiques, Berne est commun\u00e9ment appel\u00e9e la \u00ab\u00a0ville des fontaines\u00a0\u00bb.<\/em><\/p>\n<p>&nbsp;<\/p>\n<h3 style=\"text-align: left;\">Zurich<\/h3>\n<p><img decoding=\"async\" class=\"alignnone size-full wp-image-106006\" style=\"margin: 0px;\" src=\"\/wp-content\/uploads\/sites\/6\/2023\/05\/demenager-en-zurich-switzerland.jpg\" alt=\"d\u00e9m\u00e9nager en Z\u00fcrich, Suisse\" width=\"960px\" height=\"413px\" data-src=\"\/wp-content\/uploads\/sites\/6\/2023\/05\/demenager-en-zurich-switzerland.jpg\" \/><\/p>\n<p>En tant que plus grande ville de Suisse avec une population estim\u00e9e \u00e0 1,5 million d&rsquo;habitants (2023), Zurich est non seulement un hub cosmopolite au c\u0153ur de ce beau pays, mais aussi un centre financier de renomm\u00e9e mondiale. Vivre \u00e0 Zurich est un vrai luxe car le co\u00fbt de la vie y est 63 % sup\u00e9rieur \u00e0 celui de Paris. Cependant la ville offre une belle qualit\u00e9 de vie pour compenser ce co\u00fbt.<\/p>\n<p>Le Suisse allemand est la langue locale, mais les emplois anglophones sont nombreux et ceux qui ont un contrat de travail suisse b\u00e9n\u00e9ficient de quatre \u00e0 cinq semaines de cong\u00e9s pay\u00e9s par an. En outre, les parents ont le choix entre de nombreuses \u00e9coles internationales. Pour les amateurs de plein air, les Alpes suisses ne sont qu&rsquo;\u00e0 une petite heure de route, offrant d&rsquo;innombrables possibilit\u00e9s de d\u00e9couvrir la nature.<\/p>\n<p><em>A noter : Zurich a \u00e9t\u00e9 class\u00e9e \u00ab\u00a0ville avec la meilleure qualit\u00e9 de vie\u00a0\u00bb pendant plus de quinze ann\u00e9es cons\u00e9cutives par Mercer.<\/em><\/p>\n<p>&nbsp;<\/p>\n<h3 style=\"text-align: left;\">B\u00e2le<\/h3>\n<p>Situ\u00e9e \u00e0 la fronti\u00e8re suisse avec l&rsquo;Allemagne et la France, B\u00e2le permet d&rsquo;acc\u00e9der facilement \u00e0 ce que ces trois pays ont de mieux \u00e0 offrir. Si vous \u00eates germanophone cette ville est faite pour vous\u00a0! B\u00e2le est une ville charg\u00e9e d\u2019histoire qui regorge de b\u00e2timents historiques, de galeries d&rsquo;art et de festivals. Il n&rsquo;est donc pas surprenant que les jeunes professionnels affluent de partout pour s\u2019installer dans cette ville dynamique offrant de nombreuses possibilit\u00e9s d&#8217;emploi. Toutefois, en fonction de votre budget et de votre mode de vie, le co\u00fbt de la vie \u00e0 B\u00e2le peut \u00eatre \u00e9lev\u00e9\u00a0: 42 % plus cher qu&rsquo;\u00e0 Paris (2023). Les \u00e9coles internationales sont tout aussi co\u00fbteuses : environ 31 000 \u20ac par an (2023).<\/p>\n<p><em>Le saviez-vous : chaque ann\u00e9e en f\u00e9vrier, B\u00e2le accueille l&rsquo;un des plus grands carnavals d&rsquo;Europe, la Fasnacht, qui c\u00e9l\u00e8bre la culture suisse avec des costumes, des d\u00e9fil\u00e9s color\u00e9s et de la musique.<\/em><\/p>\n<p>&nbsp;<\/p>\n<h3 style=\"text-align: left;\">Lausanne<\/h3>\n<p><img decoding=\"async\" class=\"alignnone size-full wp-image-106006\" style=\"margin: 0px;\" src=\"\/wp-content\/uploads\/sites\/6\/2023\/05\/demenager-en-lausanne-switzerland.jpg\" alt=\"D\u00e9m\u00e9nager en Lausanne, Suisse\" width=\"960px\" height=\"413px\" data-src=\"\/wp-content\/uploads\/sites\/6\/2023\/05\/demenager-en-lausanne-switzerland.jpg\" \/><\/p>\n<p>La ville francophone de Lausanne est situ\u00e9e au centre de l&rsquo;Europe occidentale. Berceau historique de l&rsquo;industrie du chocolat, elle offre une gamme \u00e9tonnante de confiseries, de quoi satisfaire tous les gourmands. Lausanne est 45 % plus cher que Paris (2023). La ville dispose d&rsquo;un campus regroupant l&rsquo;<a href=\"https:\/\/fr.wikipedia.org\/wiki\/Universit%C3%A9_de_Lausanne\">Universit\u00e9 de Lausanne<\/a>\u00a0(UNIL) et l&rsquo;<a href=\"https:\/\/fr.wikipedia.org\/wiki\/%C3%89cole_polytechnique_f%C3%A9d%C3%A9rale_de_Lausanne\">\u00c9cole polytechnique f\u00e9d\u00e9rale de Lausanne<\/a>\u00a0(EPFL), qui compte quelque 26\u00a0000\u00a0\u00e9tudiants. La pr\u00e9sence d&rsquo;un grand nombre d&rsquo;\u00e9tudiants donne \u00e0 cette m\u00e9tropole anim\u00e9e une atmosph\u00e8re joyeuse et jeune. Aussi, Lausanne a bien plus \u00e0 offrir que des universit\u00e9s. Les habitants ont le choix entre mus\u00e9es, caf\u00e9s et bars. Situ\u00e9e \u00e0 500 m\u00e8tres d\u2019altitude, cette ville offre une vue \u00e0 couper le souffle sur le lac L\u00e9man et les Alpes lointaines. En effet, la ville offre une combinaison rare d\u2019infrastructures modernes et de charme ancien dans un cadre spectaculaire.<\/p>\n<p><em>Saviez-vous que le Tribunal f\u00e9d\u00e9ral suisse et le Comit\u00e9 international olympique (CIO) sont situ\u00e9s \u00e0 Lausanne\u00a0?<\/em><\/p>\n<p>&nbsp;<br \/>\n<strong>Si vous d\u00e9m\u00e9nagez en Suisse, <\/strong><a href=\"https:\/\/www.ags-demenagement.com\/devis-demenagement\/\"><strong>contactez AGS D\u00e9m\u00e9nagement<\/strong><\/a><strong>. Nous sommes les experts du d\u00e9m\u00e9nagement international. Nos \u00e9quipes s\u2019occupent de tout et m\u00eame du d\u00e9douanement. Nous offrons des solutions sur mesure pour d\u00e9m\u00e9nager en toute s\u00e9r\u00e9nit\u00e9.<\/strong><\/p>\n<p>&nbsp;<\/p>\n<p style=\"text-align: center;\"><span style=\"text-align: center;\"><a class=\"ags_cta\" style=\"padding: 10px 42px 10px 42px;\" href=\"https:\/\/www.ags-demenagement.com\/devis-demenagement\/\">Obtenez votre devis de d\u00e9m\u00e9nagement gratuit<i class=\"fa fa-chevron-right\"><\/i><\/a><\/span><\/p>\n","protected":false},"excerpt":{"rendered":"<p>Situ\u00e9e au c\u0153ur de l&rsquo;Europe, la Suisse est un petit pays montagneux enclav\u00e9 qui compte 8,7 millions d&rsquo;habitants (EUROSTAT 2022).<\/p>\n","protected":false},"author":23,"featured_media":29238,"comment_status":"closed","ping_status":"closed","sticky":false,"template":"","format":"standard","meta":{"wds_primary_category":0},"categories":[311,324,686],"tags":[661,445,684],"acf":[],"_links":{"self":[{"href":"https:\/\/www.ags-relocation.com\/fr\/wp-json\/wp\/v2\/posts\/29265"}],"collection":[{"href":"https:\/\/www.ags-relocation.com\/fr\/wp-json\/wp\/v2\/posts"}],"about":[{"href":"https:\/\/www.ags-relocation.com\/fr\/wp-json\/wp\/v2\/types\/post"}],"author":[{"embeddable":true,"href":"https:\/\/www.ags-relocation.com\/fr\/wp-json\/wp\/v2\/users\/23"}],"replies":[{"embeddable":true,"href":"https:\/\/www.ags-relocation.com\/fr\/wp-json\/wp\/v2\/comments?post=29265"}],"version-history":[{"count":3,"href":"https:\/\/www.ags-relocation.com\/fr\/wp-json\/wp\/v2\/posts\/29265\/revisions"}],"predecessor-version":[{"id":29268,"href":"https:\/\/www.ags-relocation.com\/fr\/wp-json\/wp\/v2\/posts\/29265\/revisions\/29268"}],"wp:featuredmedia":[{"embeddable":true,"href":"https:\/\/www.ags-relocation.com\/fr\/wp-json\/wp\/v2\/media\/29238"}],"wp:attachment":[{"href":"https:\/\/www.ags-relocation.com\/fr\/wp-json\/wp\/v2\/media?parent=29265"}],"wp:term":[{"taxonomy":"category","embeddable":true,"href":"https:\/\/www.ags-relocation.com\/fr\/wp-json\/wp\/v2\/categories?post=29265"},{"taxonomy":"post_tag","embeddable":true,"href":"https:\/\/www.ags-relocation.com\/fr\/wp-json\/wp\/v2\/tags?post=29265"}],"curies":[{"name":"wp","href":"https:\/\/api.w.org\/{rel}","templated":true}]}}