{"id":28986,"date":"2023-02-06T09:51:51","date_gmt":"2023-02-06T09:51:51","guid":{"rendered":"https:\/\/www.ags-relocation.com\/news\/immigration-switzerland-2023-occupation-list-now-available\/"},"modified":"2023-02-06T09:54:08","modified_gmt":"2023-02-06T09:54:08","slug":"suisse-immigration-liste-professions-pour-2023-disponible","status":"publish","type":"post","link":"https:\/\/www.ags-relocation.com\/fr\/news\/suisse-immigration-liste-professions-pour-2023-disponible\/","title":{"rendered":"Suisse Immigration : la liste des professions recherch\u00e9es pour 2023 est maintenant disponible"},"content":{"rendered":"<p style=\"height: 217px;\">Introduite en 2018, <a href=\"https:\/\/www.arbeit.swiss\/secoalv\/fr\/home\/menue\/unternehmen\/stellenmeldepflicht\/stellenmeldepflicht-ab-2023.html\">la liste des professions<\/a> est mise \u00e0 jour chaque ann\u00e9e au quatri\u00e8me trimestre et est effective du 1er janvier au 31 d\u00e9cembre de l&rsquo;ann\u00e9e suivante.<\/p>\n<p>&nbsp;<\/p>\n<h2 class=\"bpost\" style=\"font-size: 27px;\">En quoi la nouvelle liste des professions vous concerne-t-elle ?<\/h2>\n<p>Si votre entreprise a un poste vacant pour une profession figurant sur la liste, vous devrez satisfaire \u00e0 certaines exigences avant de pouvoir publier le poste \u00e0 pouvoir aupr\u00e8s de candidats internationaux. Il s&rsquo;agit entre autres de r\u00e9pondre aux crit\u00e8res suivants :<\/p>\n<ul>\n<li>Publier le poste sur le portail de l&#8217;emploi du SECO afin de donner la priorit\u00e9 aux candidats suisses.<\/li>\n<li>S&rsquo;abstenir de publier le poste sur toute autre plateforme pendant les cinq jours ouvrables suivant son inscription.<\/li>\n<li>Informer l&rsquo;office r\u00e9gional de ch\u00f4mage (ORP) si un candidat qu&rsquo;il a recommand\u00e9 est s\u00e9lectionn\u00e9 pour un entretien.<\/li>\n<\/ul>\n<p>Vous devez \u00e9galement d\u00e9montrer que vous avez fait des efforts raisonnables pour recruter en Suisse, par exemple en publiant des annonces sur des sites de recrutement, en utilisant des services de recrutement ou en faisant des offres directes \u00e0 des candidats locaux qualifi\u00e9s.<\/p>\n<p>&nbsp;<\/p>\n<h2 class=\"bpost\" style=\"font-size: 27px;\">Comment savoir si votre poste vacant est destin\u00e9 \u00e0 une profession figurant sur la liste ?<\/h2>\n<p><a href=\"https:\/\/www.arbeit.swiss\/secoalv\/fr\/home\/menue\/unternehmen\/stellenmeldepflicht\/tool4.html\">La liste de contr\u00f4le Arbeit Swiss<\/a> peut vous aider \u00e0 savoir si vous devez d\u00e9clarer votre poste vacant. Il suffit de taper l&rsquo;intitul\u00e9 du poste pour savoir s&rsquo;il doit \u00eatre enregistr\u00e9.<\/p>\n<p>La liste annuelle des professions peut \u00eatre un outil utile pour vous aider \u00e0 planifier votre strat\u00e9gie de recrutement et \u00e0 recruter efficacement des ressortissants \u00e9trangers tout en restant en conformit\u00e9 avec les directives de d\u00e9claration de la Suisse.<\/p>\n<p>Vous avez besoin de conseils\u00a0 <a href=\"https:\/\/www.ags-relocation.com\/fr\/\">concernant la mobilit\u00e9<\/a> de vos employ\u00e9s \u00e9trangers en Suisse ?<\/p>\n<p><a href=\"https:\/\/www.ags-relocation.com\/fr\/contactez-nous\/\"><strong>Discutez avec nous de leurs besoins en mati\u00e8re d&rsquo;immigration et de d\u00e9m\u00e9nagement !<\/strong><\/a><\/p>\n","protected":false},"excerpt":{"rendered":"<p>La Suisse a r\u00e9cemment publi\u00e9 sa liste r\u00e9vis\u00e9e des professions dont le taux de ch\u00f4mage est inf\u00e9rieur ou \u00e9gal \u00e0 5 %. Les employeurs suisses ayant des postes vacants pour des professions figurant sur la liste doivent les signaler au Secr\u00e9tariat d&rsquo;\u00c9tat \u00e0 l&rsquo;\u00e9conomie (SECO) sous peine d&rsquo;une amende de 40 000 francs.<\/p>\n","protected":false},"author":23,"featured_media":28980,"comment_status":"closed","ping_status":"closed","sticky":false,"template":"","format":"standard","meta":{"wds_primary_category":0},"categories":[663,708,322],"tags":[],"acf":[],"_links":{"self":[{"href":"https:\/\/www.ags-relocation.com\/fr\/wp-json\/wp\/v2\/posts\/28986"}],"collection":[{"href":"https:\/\/www.ags-relocation.com\/fr\/wp-json\/wp\/v2\/posts"}],"about":[{"href":"https:\/\/www.ags-relocation.com\/fr\/wp-json\/wp\/v2\/types\/post"}],"author":[{"embeddable":true,"href":"https:\/\/www.ags-relocation.com\/fr\/wp-json\/wp\/v2\/users\/23"}],"replies":[{"embeddable":true,"href":"https:\/\/www.ags-relocation.com\/fr\/wp-json\/wp\/v2\/comments?post=28986"}],"version-history":[{"count":2,"href":"https:\/\/www.ags-relocation.com\/fr\/wp-json\/wp\/v2\/posts\/28986\/revisions"}],"predecessor-version":[{"id":28988,"href":"https:\/\/www.ags-relocation.com\/fr\/wp-json\/wp\/v2\/posts\/28986\/revisions\/28988"}],"wp:featuredmedia":[{"embeddable":true,"href":"https:\/\/www.ags-relocation.com\/fr\/wp-json\/wp\/v2\/media\/28980"}],"wp:attachment":[{"href":"https:\/\/www.ags-relocation.com\/fr\/wp-json\/wp\/v2\/media?parent=28986"}],"wp:term":[{"taxonomy":"category","embeddable":true,"href":"https:\/\/www.ags-relocation.com\/fr\/wp-json\/wp\/v2\/categories?post=28986"},{"taxonomy":"post_tag","embeddable":true,"href":"https:\/\/www.ags-relocation.com\/fr\/wp-json\/wp\/v2\/tags?post=28986"}],"curies":[{"name":"wp","href":"https:\/\/api.w.org\/{rel}","templated":true}]}}